{"id":1123,"date":"2024-08-01T10:29:05","date_gmt":"2024-08-01T10:29:05","guid":{"rendered":"https:\/\/talionis.citic.udc.es\/TechQoL4Carers\/?p=1123"},"modified":"2025-03-11T11:00:52","modified_gmt":"2025-03-11T11:00:52","slug":"nuevas-incorporaciones-al-equipo","status":"publish","type":"post","link":"https:\/\/talionis.citic.udc.es\/TechQoL4Carers\/?p=1123","title":{"rendered":"Nuevas incorporaciones al equipo"},"content":{"rendered":"\t\t<div data-elementor-type=\"wp-post\" data-elementor-id=\"1123\" class=\"elementor elementor-1123\">\n\t\t\t\t<div class=\"elementor-element elementor-element-784ec713 e-flex e-con-boxed e-con e-parent\" data-id=\"784ec713\" data-element_type=\"container\">\n\t\t\t\t\t<div class=\"e-con-inner\">\n\t\t<div class=\"elementor-element elementor-element-452886dd e-con-full e-flex e-con e-child\" data-id=\"452886dd\" data-element_type=\"container\">\n\t\t\t\t<div class=\"elementor-element elementor-element-7a34ea70 elementor-widget-divider--view-line elementor-widget elementor-widget-divider\" data-id=\"7a34ea70\" data-element_type=\"widget\" data-widget_type=\"divider.default\">\n\t\t\t\t<div class=\"elementor-widget-container\">\n\t\t\t\t\t<div class=\"elementor-divider\">\n\t\t\t<span class=\"elementor-divider-separator\">\n\t\t\t\t\t\t<\/span>\n\t\t<\/div>\n\t\t\t\t<\/div>\n\t\t\t\t<\/div>\n\t\t\t\t<div class=\"elementor-element elementor-element-16f68cdd elementor-widget elementor-widget-heading\" data-id=\"16f68cdd\" data-element_type=\"widget\" data-widget_type=\"heading.default\">\n\t\t\t\t<div class=\"elementor-widget-container\">\n\t\t\t<h2 class=\"elementor-heading-title elementor-size-default\">Nuevas incorporaciones al equipo<\/h2>\t\t<\/div>\n\t\t\t\t<\/div>\n\t\t\t\t<div class=\"elementor-element elementor-element-733549b2 elementor-widget-divider--view-line elementor-widget elementor-widget-divider\" data-id=\"733549b2\" data-element_type=\"widget\" data-widget_type=\"divider.default\">\n\t\t\t\t<div class=\"elementor-widget-container\">\n\t\t\t\t\t<div class=\"elementor-divider\">\n\t\t\t<span class=\"elementor-divider-separator\">\n\t\t\t\t\t\t<\/span>\n\t\t<\/div>\n\t\t\t\t<\/div>\n\t\t\t\t<\/div>\n\t\t\t\t<\/div>\n\t\t<div class=\"elementor-element elementor-element-14d6acab e-con-full e-flex e-con e-child\" data-id=\"14d6acab\" data-element_type=\"container\">\n\t\t\t\t<div class=\"elementor-element elementor-element-31e82563 elementor-widget elementor-widget-image\" data-id=\"31e82563\" data-element_type=\"widget\" data-widget_type=\"image.default\">\n\t\t\t\t<div class=\"elementor-widget-container\">\n\t\t\t\t\t\t\t\t\t\t<figure class=\"wp-caption\">\n\t\t\t\t\t\t\t\t\t\t<img fetchpriority=\"high\" decoding=\"async\" width=\"500\" height=\"500\" src=\"https:\/\/talionis.citic.udc.es\/TechQoL4Carers\/wp-content\/uploads\/2024\/11\/SABELA_FOTO-qp958l55lwdlxowotssuwevtxurmwhar5iwvmbgoj4.jpg\" class=\"attachment-large size-large wp-image-517\" alt=\"\" srcset=\"https:\/\/talionis.citic.udc.es\/TechQoL4Carers\/wp-content\/uploads\/2024\/11\/SABELA_FOTO-qp958l55lwdlxowotssuwevtxurmwhar5iwvmbgoj4.jpg 500w, https:\/\/talionis.citic.udc.es\/TechQoL4Carers\/wp-content\/uploads\/2024\/11\/SABELA_FOTO-qp958l55lwdlxowotssuwevtxurmwhar5iwvmbgoj4-300x300.jpg 300w, https:\/\/talionis.citic.udc.es\/TechQoL4Carers\/wp-content\/uploads\/2024\/11\/SABELA_FOTO-qp958l55lwdlxowotssuwevtxurmwhar5iwvmbgoj4-150x150.jpg 150w\" sizes=\"(max-width: 500px) 100vw, 500px\" \/>\t\t\t\t\t\t\t\t\t\t\t<figcaption class=\"widget-image-caption wp-caption-text\"><\/figcaption>\n\t\t\t\t\t\t\t\t\t\t<\/figure>\n\t\t\t\t\t\t\t<\/div>\n\t\t\t\t<\/div>\n\t\t\t\t<div class=\"elementor-element elementor-element-98606bb elementor-widget elementor-widget-image\" data-id=\"98606bb\" data-element_type=\"widget\" data-widget_type=\"image.default\">\n\t\t\t\t<div class=\"elementor-widget-container\">\n\t\t\t\t\t\t\t\t\t\t<figure class=\"wp-caption\">\n\t\t\t\t\t\t\t\t\t\t<img decoding=\"async\" width=\"500\" height=\"500\" src=\"https:\/\/talionis.citic.udc.es\/TechQoL4Carers\/wp-content\/uploads\/2024\/11\/Image-1-e1728983006554-qvl6oqkqeukblyckx5mh6dvzykzc4g7mhgijsp4vu8.png\" class=\"attachment-large size-large wp-image-514\" alt=\"\" srcset=\"https:\/\/talionis.citic.udc.es\/TechQoL4Carers\/wp-content\/uploads\/2024\/11\/Image-1-e1728983006554-qvl6oqkqeukblyckx5mh6dvzykzc4g7mhgijsp4vu8.png 500w, https:\/\/talionis.citic.udc.es\/TechQoL4Carers\/wp-content\/uploads\/2024\/11\/Image-1-e1728983006554-qvl6oqkqeukblyckx5mh6dvzykzc4g7mhgijsp4vu8-300x300.png 300w, https:\/\/talionis.citic.udc.es\/TechQoL4Carers\/wp-content\/uploads\/2024\/11\/Image-1-e1728983006554-qvl6oqkqeukblyckx5mh6dvzykzc4g7mhgijsp4vu8-150x150.png 150w\" sizes=\"(max-width: 500px) 100vw, 500px\" \/>\t\t\t\t\t\t\t\t\t\t\t<figcaption class=\"widget-image-caption wp-caption-text\"><\/figcaption>\n\t\t\t\t\t\t\t\t\t\t<\/figure>\n\t\t\t\t\t\t\t<\/div>\n\t\t\t\t<\/div>\n\t\t\t\t<\/div>\n\t\t<div class=\"elementor-element elementor-element-2e6b32ce e-con-full e-flex e-con e-child\" data-id=\"2e6b32ce\" data-element_type=\"container\">\n\t\t\t\t<div class=\"elementor-element elementor-element-7624ade8 elementor-widget elementor-widget-text-editor\" data-id=\"7624ade8\" data-element_type=\"widget\" data-widget_type=\"text-editor.default\">\n\t\t\t\t<div class=\"elementor-widget-container\">\n\t\t\t\t\t\t\t<p>A partir del 1 de agosto de 2024, damos la bienvenida a dos nuevos integrantes al equipo con el objetivo de reforzar y apoyar en el desarrollo del proyecto.<\/p><p>Se trata de <strong><span style=\"color: #437c93;\">Jer\u00f3nimo Pardo Rodr\u00edguez<\/span><\/strong>, graduado en <span style=\"color: #437c93;\"><strong>Ingenier\u00eda Inform\u00e1tica<\/strong><\/span> en la Universidade da Coru\u00f1a y <span style=\"color: #437c93;\"><strong>Sabela Maro\u00f1o Candal<\/strong><\/span>, graudada en <strong><span style=\"color: #437c93;\">Terapia Ocupacional<\/span><\/strong> por la misma universidad. La colaboraci\u00f3n de ambos representa una valiosa adici\u00f3n al equipo y su participaci\u00f3n se ha planificado para extenderse hasta la finalizaci\u00f3n del proyecto, grarantizando su implicaci\u00f3n en las fases clave del desarrollo.<\/p><p>Jer\u00f3nimo aportar\u00e1 su experiencia enel \u00e1mbito tecnol\u00f3gico, centrandose en el desarrollo de la plataforma digital y la implementaci\u00f3n de soluciones que mejoren la experiencia de usuario. Por otro lado, Sabela reforzar\u00e1 la integraci\u00f3n de enfoques terap\u00e9uticos en la plataforma, asegurando la respuesta a las necesidades reales de los cuidadores participantes.<\/p><p>Con su trabajo conjunto, se espera <strong><span style=\"color: #437c93;\">potenciar la calidad y eficacia<\/span><\/strong> de la plataforma, facilitando herramientas que realmente mejoren la vida de los cuidadores y, en consecuencia, la de las personas a las que asisten.<\/p>\t\t\t\t\t\t<\/div>\n\t\t\t\t<\/div>\n\t\t\t\t<\/div>\n\t\t<div class=\"elementor-element elementor-element-9024827 e-con-full e-flex e-con e-child\" data-id=\"9024827\" data-element_type=\"container\">\n\t\t\t\t<div class=\"elementor-element elementor-element-74b2c4e9 elementor-widget-divider--view-line elementor-widget elementor-widget-divider\" data-id=\"74b2c4e9\" data-element_type=\"widget\" data-widget_type=\"divider.default\">\n\t\t\t\t<div class=\"elementor-widget-container\">\n\t\t\t\t\t<div class=\"elementor-divider\">\n\t\t\t<span class=\"elementor-divider-separator\">\n\t\t\t\t\t\t<\/span>\n\t\t<\/div>\n\t\t\t\t<\/div>\n\t\t\t\t<\/div>\n\t\t\t\t<div class=\"elementor-element elementor-element-4a03e4c2 elementor-widget elementor-widget-text-editor\" data-id=\"4a03e4c2\" data-element_type=\"widget\" data-widget_type=\"text-editor.default\">\n\t\t\t\t<div class=\"elementor-widget-container\">\n\t\t\t\t\t\t\t<p>01\/08\/2024<\/p>\t\t\t\t\t\t<\/div>\n\t\t\t\t<\/div>\n\t\t\t\t<\/div>\n\t\t\t\t\t<\/div>\n\t\t\t\t<\/div>\n\t\t\t\t<\/div>\n\t\t","protected":false},"excerpt":{"rendered":"<p>A partir del 1 de agosto de 2024, damos la bienvenida a dos nuevos integrantes al equipo con el objetivo de reforzar y apoyar en el desarrollo del proyecto. Se trata de Jer\u00f3nimo Pardo Rodr\u00edguez, graduado en Ingenier\u00eda Inform\u00e1tica en la Universidade da Coru\u00f1a y Sabela Maro\u00f1o Candal, graudada en Terapia Ocupacional por la misma universidad.<\/p>\n","protected":false},"author":1,"featured_media":1097,"comment_status":"open","ping_status":"open","sticky":false,"template":"","format":"standard","meta":{"footnotes":""},"categories":[9],"tags":[],"class_list":["post-1123","post","type-post","status-publish","format-standard","has-post-thumbnail","hentry","category-personal"],"_links":{"self":[{"href":"https:\/\/talionis.citic.udc.es\/TechQoL4Carers\/index.php?rest_route=\/wp\/v2\/posts\/1123","targetHints":{"allow":["GET"]}}],"collection":[{"href":"https:\/\/talionis.citic.udc.es\/TechQoL4Carers\/index.php?rest_route=\/wp\/v2\/posts"}],"about":[{"href":"https:\/\/talionis.citic.udc.es\/TechQoL4Carers\/index.php?rest_route=\/wp\/v2\/types\/post"}],"author":[{"embeddable":true,"href":"https:\/\/talionis.citic.udc.es\/TechQoL4Carers\/index.php?rest_route=\/wp\/v2\/users\/1"}],"replies":[{"embeddable":true,"href":"https:\/\/talionis.citic.udc.es\/TechQoL4Carers\/index.php?rest_route=%2Fwp%2Fv2%2Fcomments&post=1123"}],"version-history":[{"count":10,"href":"https:\/\/talionis.citic.udc.es\/TechQoL4Carers\/index.php?rest_route=\/wp\/v2\/posts\/1123\/revisions"}],"predecessor-version":[{"id":1298,"href":"https:\/\/talionis.citic.udc.es\/TechQoL4Carers\/index.php?rest_route=\/wp\/v2\/posts\/1123\/revisions\/1298"}],"wp:featuredmedia":[{"embeddable":true,"href":"https:\/\/talionis.citic.udc.es\/TechQoL4Carers\/index.php?rest_route=\/wp\/v2\/media\/1097"}],"wp:attachment":[{"href":"https:\/\/talionis.citic.udc.es\/TechQoL4Carers\/index.php?rest_route=%2Fwp%2Fv2%2Fmedia&parent=1123"}],"wp:term":[{"taxonomy":"category","embeddable":true,"href":"https:\/\/talionis.citic.udc.es\/TechQoL4Carers\/index.php?rest_route=%2Fwp%2Fv2%2Fcategories&post=1123"},{"taxonomy":"post_tag","embeddable":true,"href":"https:\/\/talionis.citic.udc.es\/TechQoL4Carers\/index.php?rest_route=%2Fwp%2Fv2%2Ftags&post=1123"}],"curies":[{"name":"wp","href":"https:\/\/api.w.org\/{rel}","templated":true}]}}